{"id":471,"date":"2023-02-23T14:58:00","date_gmt":"2023-02-23T13:58:00","guid":{"rendered":"https:\/\/schreberrebellen.de\/wordpress\/?p=471"},"modified":"2025-04-15T15:12:18","modified_gmt":"2025-04-15T13:12:18","slug":"nadelbaeume-im-kleingarten","status":"publish","type":"post","link":"https:\/\/schreberrebellen.de\/wordpress\/nadelbaeume-im-kleingarten\/","title":{"rendered":"Nadelb\u00e4ume im Kleingarten?"},"content":{"rendered":"\n<h2 class=\"wp-block-heading\">Vielfalt der Lebensr\u00e4ume<\/h2>\n\n\n\n<p>Ein Kleingarten ist kein Wald, das ist klar. Die Verbannung jeglicher Art von Nadelgeh\u00f6lzen aus Kleing\u00e4rten stellt aus der Sicht von Garten\u00f6kologen aber eine nicht w\u00fcnschenswerte Beschneidung des Artenreichtums dar. Denn: Je h\u00f6her die pflanzliche Vielfalt ist, desto mehr unterschiedliche Lebensr\u00e4ume gibt es auch f\u00fcr heimische Tiere. Die Tannenmeise (Peripatus ater), die heute noch in vielen G\u00e4rten zu beobachten ist, h\u00e4tte ohne eine \u00e4ltere Fichte hier und da im Garten keinen Lebensraum mehr. Einzelne Arten pauschal zu verbieten ist daher aus \u00f6kologischer Sicht ein Fehler.<\/p>\n\n\n\n<figure class=\"wp-block-image size-full\"><img fetchpriority=\"high\" decoding=\"async\" width=\"480\" height=\"359\" src=\"https:\/\/schreberrebellen.de\/wordpress\/wp-content\/uploads\/2025\/04\/Tannenmeise_Parus_ater_Slawek_Staszczuk_480px.png\" alt=\"\" class=\"wp-image-473\" srcset=\"https:\/\/schreberrebellen.de\/wordpress\/wp-content\/uploads\/2025\/04\/Tannenmeise_Parus_ater_Slawek_Staszczuk_480px.png 480w, https:\/\/schreberrebellen.de\/wordpress\/wp-content\/uploads\/2025\/04\/Tannenmeise_Parus_ater_Slawek_Staszczuk_480px-300x224.png 300w\" sizes=\"(max-width: 480px) 100vw, 480px\" \/><figcaption class=\"wp-element-caption\">Tannenmeise (Peripatus ater), Foto:&nbsp;<em>S\u0142awek Staszczuk<\/em><\/figcaption><\/figure>\n\n\n\n<p>Auch weitere Vogelarten sind auf Nadelb\u00e4ume wie Fichten und Tannen angewiesen, weil deren Samen ihre Nahrungsgrundlage darstellen. So zum Beispiel der Fichtenkreuzschnabel (Loxia curvirostra), der bei uns unter anderem \u201ein Mischw\u00e4ldern, in Parkanlagen und in gro\u00dfen G\u00e4rten mit vereinzelt stehenden Nadelb\u00e4umen\u201c (Quelle: wikipedia.de) zu finden ist. Dieser interessante Sperlingsvogel, der vom K\u00f6rperbau dem Gimpel \u00e4hnelt, frisst nicht nur Samen, sondern ist auch ein eifriger Blattlausvertilger.<\/p>\n\n\n\n<figure class=\"wp-block-image size-full\"><img decoding=\"async\" width=\"775\" height=\"517\" src=\"https:\/\/schreberrebellen.de\/wordpress\/wp-content\/uploads\/2025\/04\/Red_Crossbill_Female-naturepicsonline.com_.jpg\" alt=\"\" class=\"wp-image-472\" srcset=\"https:\/\/schreberrebellen.de\/wordpress\/wp-content\/uploads\/2025\/04\/Red_Crossbill_Female-naturepicsonline.com_.jpg 775w, https:\/\/schreberrebellen.de\/wordpress\/wp-content\/uploads\/2025\/04\/Red_Crossbill_Female-naturepicsonline.com_-300x200.jpg 300w, https:\/\/schreberrebellen.de\/wordpress\/wp-content\/uploads\/2025\/04\/Red_Crossbill_Female-naturepicsonline.com_-768x512.jpg 768w\" sizes=\"(max-width: 775px) 100vw, 775px\" \/><figcaption class=\"wp-element-caption\">Fichtenkreuzschnabel (Loxia curvirostra), Foto: naturpicsonline.com<\/figcaption><\/figure>\n\n\n\n<p>Wie alle anderen Gew\u00e4chse stellen daher auch Nadelgeh\u00f6lze einen Beitrag zur \u00f6kologischen Vielfalt dar (siehe dazu beispielsweise dieses kurze&nbsp;<a rel=\"noreferrer noopener\" href=\"https:\/\/youtu.be\/QblIQokdrhM\" target=\"_blank\">Video der Baumschule von Ehren<\/a>), leisten aber auch ihren Beitrag f\u00fcr ein gesundes Stadtklima. Aus Sicht der Gartengestaltung haben sie einen besonderen \u00e4sthetischen Reiz und damit ihre sinnvollen Einsatzgebiete im Rahmen einer vielf\u00e4ltigen Gartengestaltung, Stichwort: Erholungsnutzung. Wie bei allen Dingen ist auch dabei Augenma\u00df gefragt und auf Ausgewogenheit zu achten.<\/p>\n\n\n\n<h2 class=\"wp-block-heading\">Nadelb\u00e4ume sind effektive Feinstaubfilter<\/h2>\n\n\n\n<p>Ein Generalverbot l\u00e4sst nicht nur dieses Augenma\u00df vermissen, sondern ignoriert zudem weitere wichtige Funktionen von (auch kleineren) Nadelgeh\u00f6lzen. So stellten britische Forscher in einer aktuellen Studie fest, dass gerade Nadelgew\u00e4chse f\u00fcr saubere Luft im Stadtgebiet sorgen:<\/p>\n\n\n\n<p><em>\u201eB\u00e4ume, die ihre Bl\u00e4tter das ganze Jahr hindurch tragen, sind mehr Umweltverschmutzung ausgesetzt und k\u00f6nnen somit mehr aufnehmen. Deshalb sind immergr\u00fcne Nadelgeh\u00f6lze besonders effektive Feinstaub-Neutralisatoren.\u201c<\/em><\/p>\n\n\n\n<p>Diese wirksame Filterfunktion bieten ausdr\u00fccklich<em>&nbsp;\u201eauch frostharte Kandidaten der Gattungen Pinus, Taxus, Tsuga und Thuja\u201c<\/em>&nbsp;(ebd.), die ebenfalls f\u00fcr saubere Luft sorgen.<\/p>\n\n\n\n<p>Auch das Nachrichtenmagazin Spiegel (41\/2011) stellte unl\u00e4ngst fest:&nbsp;<em>\u201eNadelb\u00e4ume (\u2026) sind die effektivsten Feinstaubfilter.\u201c<\/em><\/p>\n\n\n\n<p>W\u00e4hrend Laubb\u00e4ume im Herbst ihre Bl\u00e4tter verlieren und so das ganze Winterhalbjahr \u00fcber keine Photosynthese betreiben, kein CO2 binden und keinen Sauerstoff produzieren, bleiben immergr\u00fcne Gew\u00e4chse das ganze Jahr hindurch aktiv. Im Winterhalbjahr sind es ausschlie\u00dflich die immergr\u00fcnen Gew\u00e4chse, die unsere Luft filtern und das Treibhausgas CO2 binden.<\/p>\n\n\n\n<h2 class=\"wp-block-heading\">Jedem Tierchen sein Pl\u00e4sierchen<\/h2>\n\n\n\n<p>Zahlreiche liebevoll gestaltete G\u00e4rten zeigen, dass auch immergr\u00fcne Pflanzen wie Nadelgeh\u00f6lze wertvolle Gestaltungselemente sind. Als Luftfilter und Lebensraum f\u00fcr bestimmte Tierarten sind sie unersetzlich. Sie k\u00f6nnen das Gem\u00fcsebeet ebenso wenig ersetzen wie die Blumenwiese, aber wer will das schon? Wie auch immer jeder f\u00fcr sich zu diesem Thema steht, die oben genannten Fakten sollten einem mindestens zu denken geben, bevor man ein vorschnelles Urteil f\u00e4llt und Verbote fordert, wo diese eventuell gar nicht n\u00f6tig sind.<\/p>\n","protected":false},"excerpt":{"rendered":"<p>Vielfalt der Lebensr\u00e4ume Ein Kleingarten ist kein Wald, das ist klar. Die Verbannung jeglicher Art von Nadelgeh\u00f6lzen aus Kleing\u00e4rten stellt aus der Sicht von Garten\u00f6kologen aber eine nicht w\u00fcnschenswerte Beschneidung des Artenreichtums dar. Denn: Je h\u00f6her die pflanzliche Vielfalt ist, desto mehr unterschiedliche Lebensr\u00e4ume gibt es auch f\u00fcr heimische Tiere. Die Tannenmeise (Peripatus ater), die [&hellip;]<\/p>\n","protected":false},"author":1,"featured_media":485,"comment_status":"closed","ping_status":"closed","sticky":false,"template":"","format":"standard","meta":{"_acf_changed":false,"footnotes":""},"categories":[25,9,32],"tags":[],"class_list":["post-471","post","type-post","status-publish","format-standard","has-post-thumbnail","hentry","category-baumfaellung","category-naturschutz","category-rechtliches-urteile"],"acf":[],"yoast_head":"<!-- This site is optimized with the Yoast SEO plugin v24.2 - https:\/\/yoast.com\/wordpress\/plugins\/seo\/ -->\n<title>Nadelb\u00e4ume im Kleingarten? - Schreberrebellen e.V.<\/title>\n<meta name=\"robots\" content=\"index, follow, max-snippet:-1, max-image-preview:large, max-video-preview:-1\" \/>\n<link rel=\"canonical\" href=\"https:\/\/schreberrebellen.de\/wordpress\/nadelbaeume-im-kleingarten\/\" \/>\n<meta property=\"og:locale\" content=\"de_DE\" \/>\n<meta property=\"og:type\" content=\"article\" \/>\n<meta property=\"og:title\" content=\"Nadelb\u00e4ume im Kleingarten? - Schreberrebellen e.V.\" \/>\n<meta property=\"og:description\" content=\"Vielfalt der Lebensr\u00e4ume Ein Kleingarten ist kein Wald, das ist klar. Die Verbannung jeglicher Art von Nadelgeh\u00f6lzen aus Kleing\u00e4rten stellt aus der Sicht von Garten\u00f6kologen aber eine nicht w\u00fcnschenswerte Beschneidung des Artenreichtums dar. Denn: Je h\u00f6her die pflanzliche Vielfalt ist, desto mehr unterschiedliche Lebensr\u00e4ume gibt es auch f\u00fcr heimische Tiere. Die Tannenmeise (Peripatus ater), die [&hellip;]\" \/>\n<meta property=\"og:url\" content=\"https:\/\/schreberrebellen.de\/wordpress\/nadelbaeume-im-kleingarten\/\" \/>\n<meta property=\"og:site_name\" content=\"Schreberrebellen e.V.\" \/>\n<meta property=\"article:published_time\" content=\"2023-02-23T13:58:00+00:00\" \/>\n<meta property=\"article:modified_time\" content=\"2025-04-15T13:12:18+00:00\" \/>\n<meta property=\"og:image\" content=\"https:\/\/schreberrebellen.de\/wordpress\/wp-content\/uploads\/2023\/02\/gruenfink-nadelbaum-pixabay-1240x780-1.jpg\" \/>\n\t<meta property=\"og:image:width\" content=\"1240\" \/>\n\t<meta property=\"og:image:height\" content=\"780\" \/>\n\t<meta property=\"og:image:type\" content=\"image\/jpeg\" \/>\n<meta name=\"author\" content=\"Admini\" \/>\n<script type=\"application\/ld+json\" class=\"yoast-schema-graph\">{\"@context\":\"https:\/\/schema.org\",\"@graph\":[{\"@type\":\"WebPage\",\"@id\":\"https:\/\/schreberrebellen.de\/wordpress\/nadelbaeume-im-kleingarten\/\",\"url\":\"https:\/\/schreberrebellen.de\/wordpress\/nadelbaeume-im-kleingarten\/\",\"name\":\"Nadelb\u00e4ume im Kleingarten? - Schreberrebellen e.V.\",\"isPartOf\":{\"@id\":\"https:\/\/schreberrebellen.de\/wordpress\/#website\"},\"primaryImageOfPage\":{\"@id\":\"https:\/\/schreberrebellen.de\/wordpress\/nadelbaeume-im-kleingarten\/#primaryimage\"},\"image\":{\"@id\":\"https:\/\/schreberrebellen.de\/wordpress\/nadelbaeume-im-kleingarten\/#primaryimage\"},\"thumbnailUrl\":\"https:\/\/schreberrebellen.de\/wordpress\/wp-content\/uploads\/2023\/02\/gruenfink-nadelbaum-pixabay-1240x780-1.jpg\",\"datePublished\":\"2023-02-23T13:58:00+00:00\",\"dateModified\":\"2025-04-15T13:12:18+00:00\",\"author\":{\"@id\":\"https:\/\/schreberrebellen.de\/wordpress\/#\/schema\/person\/f4baf4762b7fe261f5c189a28621e0a4\"},\"breadcrumb\":{\"@id\":\"https:\/\/schreberrebellen.de\/wordpress\/nadelbaeume-im-kleingarten\/#breadcrumb\"},\"inLanguage\":\"de\",\"potentialAction\":[{\"@type\":\"ReadAction\",\"target\":[\"https:\/\/schreberrebellen.de\/wordpress\/nadelbaeume-im-kleingarten\/\"]}]},{\"@type\":\"ImageObject\",\"inLanguage\":\"de\",\"@id\":\"https:\/\/schreberrebellen.de\/wordpress\/nadelbaeume-im-kleingarten\/#primaryimage\",\"url\":\"https:\/\/schreberrebellen.de\/wordpress\/wp-content\/uploads\/2023\/02\/gruenfink-nadelbaum-pixabay-1240x780-1.jpg\",\"contentUrl\":\"https:\/\/schreberrebellen.de\/wordpress\/wp-content\/uploads\/2023\/02\/gruenfink-nadelbaum-pixabay-1240x780-1.jpg\",\"width\":1240,\"height\":780},{\"@type\":\"BreadcrumbList\",\"@id\":\"https:\/\/schreberrebellen.de\/wordpress\/nadelbaeume-im-kleingarten\/#breadcrumb\",\"itemListElement\":[{\"@type\":\"ListItem\",\"position\":1,\"name\":\"Startseite\",\"item\":\"https:\/\/schreberrebellen.de\/wordpress\/\"},{\"@type\":\"ListItem\",\"position\":2,\"name\":\"Nadelb\u00e4ume im Kleingarten?\"}]},{\"@type\":\"WebSite\",\"@id\":\"https:\/\/schreberrebellen.de\/wordpress\/#website\",\"url\":\"https:\/\/schreberrebellen.de\/wordpress\/\",\"name\":\"Schreberrebellen e.V.\",\"description\":\"\",\"potentialAction\":[{\"@type\":\"SearchAction\",\"target\":{\"@type\":\"EntryPoint\",\"urlTemplate\":\"https:\/\/schreberrebellen.de\/wordpress\/?s={search_term_string}\"},\"query-input\":{\"@type\":\"PropertyValueSpecification\",\"valueRequired\":true,\"valueName\":\"search_term_string\"}}],\"inLanguage\":\"de\"},{\"@type\":\"Person\",\"@id\":\"https:\/\/schreberrebellen.de\/wordpress\/#\/schema\/person\/f4baf4762b7fe261f5c189a28621e0a4\",\"name\":\"Admini\",\"sameAs\":[\"https:\/\/schreberrebellen.de\/wordpress\"],\"url\":\"https:\/\/schreberrebellen.de\/wordpress\/author\/admini\/\"}]}<\/script>\n<!-- \/ Yoast SEO plugin. -->","yoast_head_json":{"title":"Nadelb\u00e4ume im Kleingarten? - Schreberrebellen e.V.","robots":{"index":"index","follow":"follow","max-snippet":"max-snippet:-1","max-image-preview":"max-image-preview:large","max-video-preview":"max-video-preview:-1"},"canonical":"https:\/\/schreberrebellen.de\/wordpress\/nadelbaeume-im-kleingarten\/","og_locale":"de_DE","og_type":"article","og_title":"Nadelb\u00e4ume im Kleingarten? - Schreberrebellen e.V.","og_description":"Vielfalt der Lebensr\u00e4ume Ein Kleingarten ist kein Wald, das ist klar. Die Verbannung jeglicher Art von Nadelgeh\u00f6lzen aus Kleing\u00e4rten stellt aus der Sicht von Garten\u00f6kologen aber eine nicht w\u00fcnschenswerte Beschneidung des Artenreichtums dar. Denn: Je h\u00f6her die pflanzliche Vielfalt ist, desto mehr unterschiedliche Lebensr\u00e4ume gibt es auch f\u00fcr heimische Tiere. Die Tannenmeise (Peripatus ater), die [&hellip;]","og_url":"https:\/\/schreberrebellen.de\/wordpress\/nadelbaeume-im-kleingarten\/","og_site_name":"Schreberrebellen e.V.","article_published_time":"2023-02-23T13:58:00+00:00","article_modified_time":"2025-04-15T13:12:18+00:00","og_image":[{"width":1240,"height":780,"url":"https:\/\/schreberrebellen.de\/wordpress\/wp-content\/uploads\/2023\/02\/gruenfink-nadelbaum-pixabay-1240x780-1.jpg","type":"image\/jpeg"}],"author":"Admini","schema":{"@context":"https:\/\/schema.org","@graph":[{"@type":"WebPage","@id":"https:\/\/schreberrebellen.de\/wordpress\/nadelbaeume-im-kleingarten\/","url":"https:\/\/schreberrebellen.de\/wordpress\/nadelbaeume-im-kleingarten\/","name":"Nadelb\u00e4ume im Kleingarten? - Schreberrebellen e.V.","isPartOf":{"@id":"https:\/\/schreberrebellen.de\/wordpress\/#website"},"primaryImageOfPage":{"@id":"https:\/\/schreberrebellen.de\/wordpress\/nadelbaeume-im-kleingarten\/#primaryimage"},"image":{"@id":"https:\/\/schreberrebellen.de\/wordpress\/nadelbaeume-im-kleingarten\/#primaryimage"},"thumbnailUrl":"https:\/\/schreberrebellen.de\/wordpress\/wp-content\/uploads\/2023\/02\/gruenfink-nadelbaum-pixabay-1240x780-1.jpg","datePublished":"2023-02-23T13:58:00+00:00","dateModified":"2025-04-15T13:12:18+00:00","author":{"@id":"https:\/\/schreberrebellen.de\/wordpress\/#\/schema\/person\/f4baf4762b7fe261f5c189a28621e0a4"},"breadcrumb":{"@id":"https:\/\/schreberrebellen.de\/wordpress\/nadelbaeume-im-kleingarten\/#breadcrumb"},"inLanguage":"de","potentialAction":[{"@type":"ReadAction","target":["https:\/\/schreberrebellen.de\/wordpress\/nadelbaeume-im-kleingarten\/"]}]},{"@type":"ImageObject","inLanguage":"de","@id":"https:\/\/schreberrebellen.de\/wordpress\/nadelbaeume-im-kleingarten\/#primaryimage","url":"https:\/\/schreberrebellen.de\/wordpress\/wp-content\/uploads\/2023\/02\/gruenfink-nadelbaum-pixabay-1240x780-1.jpg","contentUrl":"https:\/\/schreberrebellen.de\/wordpress\/wp-content\/uploads\/2023\/02\/gruenfink-nadelbaum-pixabay-1240x780-1.jpg","width":1240,"height":780},{"@type":"BreadcrumbList","@id":"https:\/\/schreberrebellen.de\/wordpress\/nadelbaeume-im-kleingarten\/#breadcrumb","itemListElement":[{"@type":"ListItem","position":1,"name":"Startseite","item":"https:\/\/schreberrebellen.de\/wordpress\/"},{"@type":"ListItem","position":2,"name":"Nadelb\u00e4ume im Kleingarten?"}]},{"@type":"WebSite","@id":"https:\/\/schreberrebellen.de\/wordpress\/#website","url":"https:\/\/schreberrebellen.de\/wordpress\/","name":"Schreberrebellen e.V.","description":"","potentialAction":[{"@type":"SearchAction","target":{"@type":"EntryPoint","urlTemplate":"https:\/\/schreberrebellen.de\/wordpress\/?s={search_term_string}"},"query-input":{"@type":"PropertyValueSpecification","valueRequired":true,"valueName":"search_term_string"}}],"inLanguage":"de"},{"@type":"Person","@id":"https:\/\/schreberrebellen.de\/wordpress\/#\/schema\/person\/f4baf4762b7fe261f5c189a28621e0a4","name":"Admini","sameAs":["https:\/\/schreberrebellen.de\/wordpress"],"url":"https:\/\/schreberrebellen.de\/wordpress\/author\/admini\/"}]}},"_links":{"self":[{"href":"https:\/\/schreberrebellen.de\/wordpress\/wp-json\/wp\/v2\/posts\/471","targetHints":{"allow":["GET"]}}],"collection":[{"href":"https:\/\/schreberrebellen.de\/wordpress\/wp-json\/wp\/v2\/posts"}],"about":[{"href":"https:\/\/schreberrebellen.de\/wordpress\/wp-json\/wp\/v2\/types\/post"}],"author":[{"embeddable":true,"href":"https:\/\/schreberrebellen.de\/wordpress\/wp-json\/wp\/v2\/users\/1"}],"replies":[{"embeddable":true,"href":"https:\/\/schreberrebellen.de\/wordpress\/wp-json\/wp\/v2\/comments?post=471"}],"version-history":[{"count":0,"href":"https:\/\/schreberrebellen.de\/wordpress\/wp-json\/wp\/v2\/posts\/471\/revisions"}],"wp:featuredmedia":[{"embeddable":true,"href":"https:\/\/schreberrebellen.de\/wordpress\/wp-json\/wp\/v2\/media\/485"}],"wp:attachment":[{"href":"https:\/\/schreberrebellen.de\/wordpress\/wp-json\/wp\/v2\/media?parent=471"}],"wp:term":[{"taxonomy":"category","embeddable":true,"href":"https:\/\/schreberrebellen.de\/wordpress\/wp-json\/wp\/v2\/categories?post=471"},{"taxonomy":"post_tag","embeddable":true,"href":"https:\/\/schreberrebellen.de\/wordpress\/wp-json\/wp\/v2\/tags?post=471"}],"curies":[{"name":"wp","href":"https:\/\/api.w.org\/{rel}","templated":true}]}}